{"id":22582,"date":"2021-08-24T10:33:40","date_gmt":"2021-08-24T08:33:40","guid":{"rendered":"https:\/\/www.zenk.com\/juve-nominiert-zenk-als-kanzlei-des-jahres-fuer-den-mittelstand\/"},"modified":"2025-11-20T12:27:41","modified_gmt":"2025-11-20T11:27:41","slug":"juve-nominiert-zenk-als-kanzlei-des-jahres-fuer-den-mittelstand","status":"publish","type":"post","link":"https:\/\/www.zenk.com\/en\/juve-nominiert-zenk-als-kanzlei-des-jahres-fuer-den-mittelstand\/","title":{"rendered":"JUVE nominiert ZENK als \u201eKanzlei des Jahres f\u00fcr den Mittelstand\u201c"},"content":{"rendered":"<div class=\"wpb-content-wrapper\"><p>[vc_row][vc_column width=&#8221;2\/3&#8243;]<h4 class=\"grve-element grve-align-left grve-title-no-line grve-h4\" style=\"margin-bottom: 20px;\"><span>24. August 2021<\/span><\/h4><h1 class=\"grve-element grve-align-left grve-title-line grve-h1\" style=\"margin-bottom: 50px;\"><span>JUVE nominiert ZENK als \u201eKanzlei des Jahres f\u00fcr den Mittelstand\u201c<\/span><\/h1>[vc_column_text]<strong>Deutschlandweit hat die Redaktion f\u00fcnf Kanzleien mit strategischem Fokus auf der Beratung von mittelst\u00e4ndischen Unternehmen als Kandidaten f\u00fcr den Award 2021 ausgew\u00e4hlt<\/strong><\/p>\n<p>Mit der Auszeichnung \u201eKanzlei des Jahres f\u00fcr den Mittelstand\u201c w\u00fcrdigt JUVE \u00fcber einzelne Rechtsgebiete hinaus die Gesamtentwicklung der Kanzleien und bewertet unter anderem besondere Managementleistungen. Entscheidende Kriterien f\u00fcr die Nominierung sind neben dem Schwerpunkt der Kanzlei auf Mittelstandsberatung au\u00dferdem die Mandantenorientierung, Kanzleikultur, Nachwuchspolitik, Profitabilit\u00e4t, personelles Wachstum sowie die Expansion in neue Gesch\u00e4ftsfelder oder M\u00e4rkte.<\/p>\n<p>ZENK Partner Dr. Stephan Sch\u00e4fer, Handels- und Gesellschaftsrecht: \u201e<em>Die Mittelstandsmandanten sagen uns in Feedbackrunden immer wieder, dass sie unseren pragmatischen und ganzheitlichen Beratungsansatz sch\u00e4tzen. Die JUVE-Nominierung spornt uns an, weiter Ma\u00dfst\u00e4be zu setzen und diesen Markenkern zu sch\u00e4rfen!<\/em> <em>Dabei fokussieren wir uns auf organisches Wachstum, wie in den beiden vergangenen Jahren schon praktiziert, mit vier jungen Partnerinnen und Partner aus der eigenen \u201aNachwuchsabteilung\u2018<\/em>.\u201c<\/p>\n<p>ZENK hat das GROWTH DOCK gegr\u00fcndet und bietet damit Start-ups der Lebensmittel- und Konsumg\u00fcterbranche ein umfassendes Angebot aus Kapital, Legal-, Marketing- und Sales-Know-how. Zudem hat ZENK 2021 eine eigene Steuerberatungskanzlei ZENK KEMSAT in der Hafencity Hamburg aufgebaut. Schlie\u00dflich hat ZENK im Jahr 2021 ein legal-tech-basiertes Beratungsprodukt zur Vertragsautomatisierung entwickelt<span style=\"text-decoration: line-through;\">,<\/span> das sich gezielt an Mittelst\u00e4ndler richtet.<\/p>\n<p>ZENK Partner Dr. Bastian Schmidt-Vollmer, Gesellschaftsrecht: <em>\u201eWir freuen uns \u00fcber die Nominierung. Sie zeigt, dass wir Vieles richtig machen und dies auch wahrgenommen wird. Wir haben uns in den letzten Jahren &#8211; trotz Corona &#8211; an vielen Stellen sehr gut entwickelt. Wir sind gespannt auf die Auswahl des Siegers.\u201c<\/em><\/p>\n<p>Neben ZENK wurden die Kanzleien Bette Westenberger Brink, Ebner Stolz M\u00f6nning Bachem, Lutz Abel und Mazars nominiert. Der Sieger wird am 28. Oktober 2021 im Rahmen der Preisverleihung der JUVE-Awards in Frankfurt am Main bekannt gegeben.[\/vc_column_text][\/vc_column][vc_column width=&#8221;1\/3&#8243;][vc_empty_space height=&#8221;64px&#8221;]<div class=\"grve-element grve-image grve-full-image grve-align-center\" style=\"\"><img loading=\"lazy\" decoding=\"async\" width=\"1410\" height=\"1066\" src=\"https:\/\/www.zenk.com\/wp-content\/uploads\/2021\/08\/Nominierung-2-e1629794650669.png\" class=\"attachment-full size-full\" alt=\"\" \/><\/div>[vc_column_text]<strong>Autor: ZENK Rechtsanw\u00e4lte<\/strong>[\/vc_column_text][\/vc_column][\/vc_row]<\/p>\n<\/div>","protected":false},"excerpt":{"rendered":"<p>Deutschlandweit hat die Redaktion f\u00fcnf Kanzleien mit strategischem Fokus auf der Beratung von mittelst\u00e4ndischen Unternehmen als Kandidaten f\u00fcr den Award 2021 ausgew\u00e4hlt <\/p>\n<p><strong>Autor\/in:<\/strong> ZENK<\/p>\n","protected":false},"author":8,"featured_media":14058,"comment_status":"closed","ping_status":"closed","sticky":false,"template":"","format":"standard","meta":{"footnotes":""},"categories":[400],"tags":[],"class_list":["post-22582","post","type-post","status-publish","format-standard","has-post-thumbnail","hentry","category-latest-news"],"yoast_head":"<!-- This site is optimized with the Yoast SEO plugin v27.5 - https:\/\/yoast.com\/product\/yoast-seo-wordpress\/ -->\n<title>ZENK Rechtsanw\u00e4lte Partnerschaft mbB - JUVE nominiert ZENK als \u201eKanzlei des Jahres f\u00fcr den Mittelstand\u201c<\/title>\n<meta name=\"description\" content=\"ZENK als \u201eKanzlei des Jahres Jahres f\u00fcr den Mittelstand\u201c f\u00fcr den JUVE Award 2021 als eine von f\u00fcnf Kanzleien nominiert\" \/>\n<meta name=\"robots\" content=\"index, follow, max-snippet:-1, max-image-preview:large, max-video-preview:-1\" \/>\n<link rel=\"canonical\" href=\"https:\/\/www.zenk.com\/en\/juve-nominiert-zenk-als-kanzlei-des-jahres-fuer-den-mittelstand\/\" \/>\n<meta property=\"og:locale\" content=\"en_US\" \/>\n<meta property=\"og:type\" content=\"article\" \/>\n<meta property=\"og:title\" content=\"ZENK Rechtsanw\u00e4lte Partnerschaft mbB - JUVE nominiert ZENK als \u201eKanzlei des Jahres f\u00fcr den Mittelstand\u201c\" \/>\n<meta property=\"og:description\" content=\"ZENK als \u201eKanzlei des Jahres Jahres f\u00fcr den Mittelstand\u201c f\u00fcr den JUVE Award 2021 als eine von f\u00fcnf Kanzleien nominiert\" \/>\n<meta property=\"og:url\" content=\"https:\/\/www.zenk.com\/en\/juve-nominiert-zenk-als-kanzlei-des-jahres-fuer-den-mittelstand\/\" \/>\n<meta property=\"og:site_name\" content=\"ZENK Rechtsanw\u00e4lte Partnerschaft mbB\" \/>\n<meta property=\"article:published_time\" content=\"2021-08-24T08:33:40+00:00\" \/>\n<meta property=\"article:modified_time\" content=\"2025-11-20T11:27:41+00:00\" \/>\n<meta property=\"og:image\" content=\"https:\/\/www.zenk.com\/wp-content\/uploads\/2021\/08\/Nominierung-2-e1629794650669.png\" \/>\n\t<meta property=\"og:image:width\" content=\"1410\" \/>\n\t<meta property=\"og:image:height\" content=\"1066\" \/>\n\t<meta property=\"og:image:type\" content=\"image\/png\" \/>\n<meta name=\"author\" content=\"Monika Janoschka\" \/>\n<meta name=\"twitter:card\" content=\"summary_large_image\" \/>\n<meta name=\"twitter:label1\" content=\"Written by\" \/>\n\t<meta name=\"twitter:data1\" content=\"Monika Janoschka\" \/>\n\t<meta name=\"twitter:label2\" content=\"Est. reading time\" \/>\n\t<meta name=\"twitter:data2\" content=\"3 minutes\" \/>\n<script type=\"application\/ld+json\" class=\"yoast-schema-graph\">{\"@context\":\"https:\\\/\\\/schema.org\",\"@graph\":[{\"@type\":\"Article\",\"@id\":\"https:\\\/\\\/www.zenk.com\\\/en\\\/juve-nominiert-zenk-als-kanzlei-des-jahres-fuer-den-mittelstand\\\/#article\",\"isPartOf\":{\"@id\":\"https:\\\/\\\/www.zenk.com\\\/en\\\/juve-nominiert-zenk-als-kanzlei-des-jahres-fuer-den-mittelstand\\\/\"},\"author\":{\"name\":\"Monika Janoschka\",\"@id\":\"https:\\\/\\\/www.zenk.com\\\/en\\\/#\\\/schema\\\/person\\\/8585c090bb08fc9060dcedbbfd8cf059\"},\"headline\":\"JUVE nominiert ZENK als \u201eKanzlei des Jahres f\u00fcr den Mittelstand\u201c\",\"datePublished\":\"2021-08-24T08:33:40+00:00\",\"dateModified\":\"2025-11-20T11:27:41+00:00\",\"mainEntityOfPage\":{\"@id\":\"https:\\\/\\\/www.zenk.com\\\/en\\\/juve-nominiert-zenk-als-kanzlei-des-jahres-fuer-den-mittelstand\\\/\"},\"wordCount\":379,\"image\":{\"@id\":\"https:\\\/\\\/www.zenk.com\\\/en\\\/juve-nominiert-zenk-als-kanzlei-des-jahres-fuer-den-mittelstand\\\/#primaryimage\"},\"thumbnailUrl\":\"https:\\\/\\\/www.zenk.com\\\/wp-content\\\/uploads\\\/2021\\\/08\\\/Nominierung-2-e1629794650669.png\",\"articleSection\":[\"Latest News\"],\"inLanguage\":\"en-US\"},{\"@type\":\"WebPage\",\"@id\":\"https:\\\/\\\/www.zenk.com\\\/en\\\/juve-nominiert-zenk-als-kanzlei-des-jahres-fuer-den-mittelstand\\\/\",\"url\":\"https:\\\/\\\/www.zenk.com\\\/en\\\/juve-nominiert-zenk-als-kanzlei-des-jahres-fuer-den-mittelstand\\\/\",\"name\":\"ZENK Rechtsanw\u00e4lte Partnerschaft mbB - JUVE nominiert ZENK als \u201eKanzlei des Jahres f\u00fcr den Mittelstand\u201c\",\"isPartOf\":{\"@id\":\"https:\\\/\\\/www.zenk.com\\\/en\\\/#website\"},\"primaryImageOfPage\":{\"@id\":\"https:\\\/\\\/www.zenk.com\\\/en\\\/juve-nominiert-zenk-als-kanzlei-des-jahres-fuer-den-mittelstand\\\/#primaryimage\"},\"image\":{\"@id\":\"https:\\\/\\\/www.zenk.com\\\/en\\\/juve-nominiert-zenk-als-kanzlei-des-jahres-fuer-den-mittelstand\\\/#primaryimage\"},\"thumbnailUrl\":\"https:\\\/\\\/www.zenk.com\\\/wp-content\\\/uploads\\\/2021\\\/08\\\/Nominierung-2-e1629794650669.png\",\"datePublished\":\"2021-08-24T08:33:40+00:00\",\"dateModified\":\"2025-11-20T11:27:41+00:00\",\"author\":{\"@id\":\"https:\\\/\\\/www.zenk.com\\\/en\\\/#\\\/schema\\\/person\\\/8585c090bb08fc9060dcedbbfd8cf059\"},\"description\":\"ZENK als \u201eKanzlei des Jahres Jahres f\u00fcr den Mittelstand\u201c f\u00fcr den JUVE Award 2021 als eine von f\u00fcnf Kanzleien nominiert\",\"breadcrumb\":{\"@id\":\"https:\\\/\\\/www.zenk.com\\\/en\\\/juve-nominiert-zenk-als-kanzlei-des-jahres-fuer-den-mittelstand\\\/#breadcrumb\"},\"inLanguage\":\"en-US\",\"potentialAction\":[{\"@type\":\"ReadAction\",\"target\":[\"https:\\\/\\\/www.zenk.com\\\/en\\\/juve-nominiert-zenk-als-kanzlei-des-jahres-fuer-den-mittelstand\\\/\"]}]},{\"@type\":\"ImageObject\",\"inLanguage\":\"en-US\",\"@id\":\"https:\\\/\\\/www.zenk.com\\\/en\\\/juve-nominiert-zenk-als-kanzlei-des-jahres-fuer-den-mittelstand\\\/#primaryimage\",\"url\":\"https:\\\/\\\/www.zenk.com\\\/wp-content\\\/uploads\\\/2021\\\/08\\\/Nominierung-2-e1629794650669.png\",\"contentUrl\":\"https:\\\/\\\/www.zenk.com\\\/wp-content\\\/uploads\\\/2021\\\/08\\\/Nominierung-2-e1629794650669.png\",\"width\":1410,\"height\":1066},{\"@type\":\"BreadcrumbList\",\"@id\":\"https:\\\/\\\/www.zenk.com\\\/en\\\/juve-nominiert-zenk-als-kanzlei-des-jahres-fuer-den-mittelstand\\\/#breadcrumb\",\"itemListElement\":[{\"@type\":\"ListItem\",\"position\":1,\"name\":\"Startseite\",\"item\":\"https:\\\/\\\/www.zenk.com\\\/en\\\/\"},{\"@type\":\"ListItem\",\"position\":2,\"name\":\"JUVE nominiert ZENK als \u201eKanzlei des Jahres f\u00fcr den Mittelstand\u201c\"}]},{\"@type\":\"WebSite\",\"@id\":\"https:\\\/\\\/www.zenk.com\\\/en\\\/#website\",\"url\":\"https:\\\/\\\/www.zenk.com\\\/en\\\/\",\"name\":\"ZENK Rechtsanw\u00e4lte Partnerschaft mbB\",\"description\":\"Wirtschaftskanzlei in Hamburg und Berlin\",\"potentialAction\":[{\"@type\":\"SearchAction\",\"target\":{\"@type\":\"EntryPoint\",\"urlTemplate\":\"https:\\\/\\\/www.zenk.com\\\/en\\\/?s={search_term_string}\"},\"query-input\":{\"@type\":\"PropertyValueSpecification\",\"valueRequired\":true,\"valueName\":\"search_term_string\"}}],\"inLanguage\":\"en-US\"},{\"@type\":\"Person\",\"@id\":\"https:\\\/\\\/www.zenk.com\\\/en\\\/#\\\/schema\\\/person\\\/8585c090bb08fc9060dcedbbfd8cf059\",\"name\":\"Monika Janoschka\",\"image\":{\"@type\":\"ImageObject\",\"inLanguage\":\"en-US\",\"@id\":\"https:\\\/\\\/secure.gravatar.com\\\/avatar\\\/521f5c3921ef74d677114cb870e01bb56b827ccc1737af0f6d860df33ccd8b15?s=96&d=mm&r=g\",\"url\":\"https:\\\/\\\/secure.gravatar.com\\\/avatar\\\/521f5c3921ef74d677114cb870e01bb56b827ccc1737af0f6d860df33ccd8b15?s=96&d=mm&r=g\",\"contentUrl\":\"https:\\\/\\\/secure.gravatar.com\\\/avatar\\\/521f5c3921ef74d677114cb870e01bb56b827ccc1737af0f6d860df33ccd8b15?s=96&d=mm&r=g\",\"caption\":\"Monika Janoschka\"},\"url\":\"https:\\\/\\\/www.zenk.com\\\/en\\\/author\\\/janoschka\\\/\"}]}<\/script>\n<!-- \/ Yoast SEO plugin. -->","yoast_head_json":{"title":"ZENK Rechtsanw\u00e4lte Partnerschaft mbB - JUVE nominiert ZENK als \u201eKanzlei des Jahres f\u00fcr den Mittelstand\u201c","description":"ZENK als \u201eKanzlei des Jahres Jahres f\u00fcr den Mittelstand\u201c f\u00fcr den JUVE Award 2021 als eine von f\u00fcnf Kanzleien nominiert","robots":{"index":"index","follow":"follow","max-snippet":"max-snippet:-1","max-image-preview":"max-image-preview:large","max-video-preview":"max-video-preview:-1"},"canonical":"https:\/\/www.zenk.com\/en\/juve-nominiert-zenk-als-kanzlei-des-jahres-fuer-den-mittelstand\/","og_locale":"en_US","og_type":"article","og_title":"ZENK Rechtsanw\u00e4lte Partnerschaft mbB - JUVE nominiert ZENK als \u201eKanzlei des Jahres f\u00fcr den Mittelstand\u201c","og_description":"ZENK als \u201eKanzlei des Jahres Jahres f\u00fcr den Mittelstand\u201c f\u00fcr den JUVE Award 2021 als eine von f\u00fcnf Kanzleien nominiert","og_url":"https:\/\/www.zenk.com\/en\/juve-nominiert-zenk-als-kanzlei-des-jahres-fuer-den-mittelstand\/","og_site_name":"ZENK Rechtsanw\u00e4lte Partnerschaft mbB","article_published_time":"2021-08-24T08:33:40+00:00","article_modified_time":"2025-11-20T11:27:41+00:00","og_image":[{"width":1410,"height":1066,"url":"https:\/\/www.zenk.com\/wp-content\/uploads\/2021\/08\/Nominierung-2-e1629794650669.png","type":"image\/png"}],"author":"Monika Janoschka","twitter_card":"summary_large_image","twitter_misc":{"Written by":"Monika Janoschka","Est. reading time":"3 minutes"},"schema":{"@context":"https:\/\/schema.org","@graph":[{"@type":"Article","@id":"https:\/\/www.zenk.com\/en\/juve-nominiert-zenk-als-kanzlei-des-jahres-fuer-den-mittelstand\/#article","isPartOf":{"@id":"https:\/\/www.zenk.com\/en\/juve-nominiert-zenk-als-kanzlei-des-jahres-fuer-den-mittelstand\/"},"author":{"name":"Monika Janoschka","@id":"https:\/\/www.zenk.com\/en\/#\/schema\/person\/8585c090bb08fc9060dcedbbfd8cf059"},"headline":"JUVE nominiert ZENK als \u201eKanzlei des Jahres f\u00fcr den Mittelstand\u201c","datePublished":"2021-08-24T08:33:40+00:00","dateModified":"2025-11-20T11:27:41+00:00","mainEntityOfPage":{"@id":"https:\/\/www.zenk.com\/en\/juve-nominiert-zenk-als-kanzlei-des-jahres-fuer-den-mittelstand\/"},"wordCount":379,"image":{"@id":"https:\/\/www.zenk.com\/en\/juve-nominiert-zenk-als-kanzlei-des-jahres-fuer-den-mittelstand\/#primaryimage"},"thumbnailUrl":"https:\/\/www.zenk.com\/wp-content\/uploads\/2021\/08\/Nominierung-2-e1629794650669.png","articleSection":["Latest News"],"inLanguage":"en-US"},{"@type":"WebPage","@id":"https:\/\/www.zenk.com\/en\/juve-nominiert-zenk-als-kanzlei-des-jahres-fuer-den-mittelstand\/","url":"https:\/\/www.zenk.com\/en\/juve-nominiert-zenk-als-kanzlei-des-jahres-fuer-den-mittelstand\/","name":"ZENK Rechtsanw\u00e4lte Partnerschaft mbB - JUVE nominiert ZENK als \u201eKanzlei des Jahres f\u00fcr den Mittelstand\u201c","isPartOf":{"@id":"https:\/\/www.zenk.com\/en\/#website"},"primaryImageOfPage":{"@id":"https:\/\/www.zenk.com\/en\/juve-nominiert-zenk-als-kanzlei-des-jahres-fuer-den-mittelstand\/#primaryimage"},"image":{"@id":"https:\/\/www.zenk.com\/en\/juve-nominiert-zenk-als-kanzlei-des-jahres-fuer-den-mittelstand\/#primaryimage"},"thumbnailUrl":"https:\/\/www.zenk.com\/wp-content\/uploads\/2021\/08\/Nominierung-2-e1629794650669.png","datePublished":"2021-08-24T08:33:40+00:00","dateModified":"2025-11-20T11:27:41+00:00","author":{"@id":"https:\/\/www.zenk.com\/en\/#\/schema\/person\/8585c090bb08fc9060dcedbbfd8cf059"},"description":"ZENK als \u201eKanzlei des Jahres Jahres f\u00fcr den Mittelstand\u201c f\u00fcr den JUVE Award 2021 als eine von f\u00fcnf Kanzleien nominiert","breadcrumb":{"@id":"https:\/\/www.zenk.com\/en\/juve-nominiert-zenk-als-kanzlei-des-jahres-fuer-den-mittelstand\/#breadcrumb"},"inLanguage":"en-US","potentialAction":[{"@type":"ReadAction","target":["https:\/\/www.zenk.com\/en\/juve-nominiert-zenk-als-kanzlei-des-jahres-fuer-den-mittelstand\/"]}]},{"@type":"ImageObject","inLanguage":"en-US","@id":"https:\/\/www.zenk.com\/en\/juve-nominiert-zenk-als-kanzlei-des-jahres-fuer-den-mittelstand\/#primaryimage","url":"https:\/\/www.zenk.com\/wp-content\/uploads\/2021\/08\/Nominierung-2-e1629794650669.png","contentUrl":"https:\/\/www.zenk.com\/wp-content\/uploads\/2021\/08\/Nominierung-2-e1629794650669.png","width":1410,"height":1066},{"@type":"BreadcrumbList","@id":"https:\/\/www.zenk.com\/en\/juve-nominiert-zenk-als-kanzlei-des-jahres-fuer-den-mittelstand\/#breadcrumb","itemListElement":[{"@type":"ListItem","position":1,"name":"Startseite","item":"https:\/\/www.zenk.com\/en\/"},{"@type":"ListItem","position":2,"name":"JUVE nominiert ZENK als \u201eKanzlei des Jahres f\u00fcr den Mittelstand\u201c"}]},{"@type":"WebSite","@id":"https:\/\/www.zenk.com\/en\/#website","url":"https:\/\/www.zenk.com\/en\/","name":"ZENK Rechtsanw\u00e4lte Partnerschaft mbB","description":"Wirtschaftskanzlei in Hamburg und Berlin","potentialAction":[{"@type":"SearchAction","target":{"@type":"EntryPoint","urlTemplate":"https:\/\/www.zenk.com\/en\/?s={search_term_string}"},"query-input":{"@type":"PropertyValueSpecification","valueRequired":true,"valueName":"search_term_string"}}],"inLanguage":"en-US"},{"@type":"Person","@id":"https:\/\/www.zenk.com\/en\/#\/schema\/person\/8585c090bb08fc9060dcedbbfd8cf059","name":"Monika Janoschka","image":{"@type":"ImageObject","inLanguage":"en-US","@id":"https:\/\/secure.gravatar.com\/avatar\/521f5c3921ef74d677114cb870e01bb56b827ccc1737af0f6d860df33ccd8b15?s=96&d=mm&r=g","url":"https:\/\/secure.gravatar.com\/avatar\/521f5c3921ef74d677114cb870e01bb56b827ccc1737af0f6d860df33ccd8b15?s=96&d=mm&r=g","contentUrl":"https:\/\/secure.gravatar.com\/avatar\/521f5c3921ef74d677114cb870e01bb56b827ccc1737af0f6d860df33ccd8b15?s=96&d=mm&r=g","caption":"Monika Janoschka"},"url":"https:\/\/www.zenk.com\/en\/author\/janoschka\/"}]}},"_links":{"self":[{"href":"https:\/\/www.zenk.com\/en\/wp-json\/wp\/v2\/posts\/22582","targetHints":{"allow":["GET"]}}],"collection":[{"href":"https:\/\/www.zenk.com\/en\/wp-json\/wp\/v2\/posts"}],"about":[{"href":"https:\/\/www.zenk.com\/en\/wp-json\/wp\/v2\/types\/post"}],"author":[{"embeddable":true,"href":"https:\/\/www.zenk.com\/en\/wp-json\/wp\/v2\/users\/8"}],"replies":[{"embeddable":true,"href":"https:\/\/www.zenk.com\/en\/wp-json\/wp\/v2\/comments?post=22582"}],"version-history":[{"count":1,"href":"https:\/\/www.zenk.com\/en\/wp-json\/wp\/v2\/posts\/22582\/revisions"}],"predecessor-version":[{"id":22583,"href":"https:\/\/www.zenk.com\/en\/wp-json\/wp\/v2\/posts\/22582\/revisions\/22583"}],"wp:featuredmedia":[{"embeddable":true,"href":"https:\/\/www.zenk.com\/en\/wp-json\/wp\/v2\/media\/14058"}],"wp:attachment":[{"href":"https:\/\/www.zenk.com\/en\/wp-json\/wp\/v2\/media?parent=22582"}],"wp:term":[{"taxonomy":"category","embeddable":true,"href":"https:\/\/www.zenk.com\/en\/wp-json\/wp\/v2\/categories?post=22582"},{"taxonomy":"post_tag","embeddable":true,"href":"https:\/\/www.zenk.com\/en\/wp-json\/wp\/v2\/tags?post=22582"}],"curies":[{"name":"wp","href":"https:\/\/api.w.org\/{rel}","templated":true}]}}