{"id":22592,"date":"2021-04-21T15:31:04","date_gmt":"2021-04-21T13:31:04","guid":{"rendered":"https:\/\/www.zenk.com\/arbeitsrechtliche-fragen-zur-covid-19-impfung\/"},"modified":"2025-11-20T12:27:53","modified_gmt":"2025-11-20T11:27:53","slug":"arbeitsrechtliche-fragen-zur-covid-19-impfung","status":"publish","type":"post","link":"https:\/\/www.zenk.com\/en\/arbeitsrechtliche-fragen-zur-covid-19-impfung\/","title":{"rendered":"Arbeitsrechtliche Fragen zur Impfung"},"content":{"rendered":"<div class=\"wpb-content-wrapper\"><p>[vc_row][vc_column width=&#8221;2\/3&#8243;]<h4 class=\"grve-element grve-align-left grve-title-no-line grve-h4\" style=\"margin-bottom: 20px;\"><span>21. April 2021<\/span><\/h4><h1 class=\"grve-element grve-align-left grve-title-line grve-h1\" style=\"margin-bottom: 50px;\"><span>Arbeitsrechtliche Fragen zur COVID-19-Impfung<\/span><\/h1>[vc_column_text]<strong>Arbeitsrechtliche Fragen zur Impfung<\/strong><\/p>\n<p>Trotz aller Schwierigkeiten im Anlauf schreitet die Impfung in Deutschland voran und damit stellen sich zunehmend auch arbeitsrechtliche Fragen. Hat der Arbeitnehmer im Arbeitsverh\u00e4ltnis eine Pflicht, sich impfen zu lassen? Kann der Arbeitnehmer Nachteile oder Vorteile haben, wenn er sich impfen l\u00e4sst?<\/p>\n<p>Es stellen sich hier eine Vielzahl von Fragen, vor allem auch Wertungsfragen, die von der Rechtsprechung noch beantwortet werden m\u00fcssen. Nachstehend wollen wir einen \u00dcberblick \u00fcber den Stand der m\u00f6glichen Antworten geben um Ihnen in der Praxis eine Hilfestellung leisten zu k\u00f6nnen. Rechtsprechung gibt es freilich zu diesen Fragen noch nicht:<\/p>\n<ol>\n<li><strong>a) Impfpflicht Im Arbeitsverh\u00e4ltnis?<\/strong><\/li>\n<\/ol>\n<p>Im Arbeitsverh\u00e4ltnis kann sich eine Pflicht aus verschiedenen Rechtsquellen ergeben. Zur Debatte steht zun\u00e4chst die \u00f6ffentlich-rechtliche Pflicht. Der Gesetzgeber hat in \u00a7\u00a020 Abs.\u00a06 IfSG das Bundesgesundheitsministerium und subsidi\u00e4r in Absatz 7 die Landesregierungen, sollte das Bundesgesundheitsministerium nicht handeln, erm\u00e4chtigt, eine <strong>\u00f6ffentlich-rechtliche<\/strong> Impfpflicht einzuf\u00fchren. Die Tatbestandsvoraussetzungen, die dort genannt sind, w\u00e4ren auch durchaus erf\u00fcllt. Derzeit scheint das aber (noch) nicht ernsthaft in Erw\u00e4gung gezogen zu sein. Im Moment gibt es also keine solche \u00f6ffentlich-rechtliche Impfpflicht, obwohl eine Rechtsgrundlage vorhanden w\u00e4re.<\/p>\n<p>Eine Pflicht des Arbeitnehmers kann sich grunds\u00e4tzlich auch aus einem <strong>Tarifvertrag<\/strong> oder eine <strong>Betriebsvereinbarung<\/strong> ergeben. Allerdings w\u00e4re in beiden F\u00e4llen ein \u00fcberwiegendes Interesse des Arbeitgebers \u00fcber die Grundrechtseinschr\u00e4nkung des Arbeitnehmers, der sich auf die k\u00f6rperliche Unversehrtheit berufen kann (Art. 2 Abs. 1 GG), Voraussetzung. Das wird allenfalls in besonderen Fallkonstellationen denkbar und diskutabel sein.<\/p>\n<p>Es wird auch eine <strong>arbeitsvertragliche Pflicht<\/strong> in ihrer Wirksamkeit diskutiert, die aber in aller Regel schon in den geschlossenen Arbeitsvertr\u00e4gen fehlt und gegen den Willen des impfunwilligen Arbeitnehmers nicht einseitig aufgestellt werden kann.<\/p>\n<p>Nicht zuletzt und f\u00fcr die Praxis relevant, wird auch eine Pflicht aus dem <strong>Weisungsrecht <\/strong>in besonderen Situationen diskutiert. Denn der Arbeitgeber hat eine <strong>F\u00fcrsorgepflicht<\/strong>, die eine solche Weisung rechtfertigen k\u00f6nnte. Auch diese Rechtsquelle kann allenfalls Ausnahmef\u00e4lle erfassen. Dabei m\u00fcsste in jedem Einzelfall die <strong>besondere F\u00fcrsorge<\/strong> f\u00fcr Kunden oder Patienten bzw. auch Kollegen begr\u00fcndbar sein.<\/p>\n<p>Der Umstand, dass ein exekutives Handeln trotz entsprechender Erm\u00e4chtigungsgrundlage bislang ausgeblieben ist, spricht grunds\u00e4tzlich daf\u00fcr, dass das Grundrecht des Einzelnen, insbesondere des Arbeitnehmers, gegen\u00fcber den Rechtsg\u00fctern der anderen, also beispielsweise des Arbeitgebers oder seiner Kollegen bzw. der Kunden, \u00fcberwiegt. Eine Impfpflicht aus dem Arbeitsverh\u00e4ltnis wird daher nur im Ausnahmefall begr\u00fcndbar sein. Die Ausnahmef\u00e4lle d\u00fcrften nicht allein branchenspezifisch zu erfassen sein, sondern innerhalb besonderer Branchen (Pflege, medizinische Versorgung, Erziehung und Bildung, Fahrgastbef\u00f6rderung, Einzelhandel etc.) m\u00fcssten noch <strong>besondere Fallkonstellationen<\/strong> gegeben sein.<\/p>\n<p>Beispielsweise werden sich nicht alle fahrgastbef\u00f6rdernden Unternehmen auf einen Ausnahmefall berufen k\u00f6nnen. Allein wenn eine besondere Situation besteht, beispielsweise ausschlie\u00dflich eine besonders vulnerable Gruppe bef\u00f6rdert wird, k\u00f6nnte man einen Ausnahmefall in Erw\u00e4gung ziehen.<\/p>\n<ol>\n<li><strong>b) Nachweis einer Impfung<\/strong><\/li>\n<\/ol>\n<p>F\u00fcr die Arbeitgeber d\u00fcrfte es hilfreich sein, \u00fcber den Impfstatus des Arbeitnehmers Kenntnis zu haben. Diese Kenntnis d\u00fcrfte insbesondere beim Arbeitnehmereinsatz von Relevanz sein. Reicht aber diese Erw\u00e4gung, um einen Nachweis verlangen zu d\u00fcrfen?<\/p>\n<p>Im Regelfall wird die Nachweispflicht aus <strong>Datenschutzgr\u00fcnden<\/strong> (als Gesundheitsdatum genie\u00dft dieses besonders hohen Schutz nach Art. 9 Abs. 1 DS-GVO) abzulehnen sein. Im Gegensatz zum <strong>Schnelltest-Ergebnis<\/strong> handelt es sich beim Impfnachweis nicht um eine aktuelle Gef\u00e4hrdungsinformation. Dementsprechend wird auch das mittelbare Durchsetzungsrecht etwa \u00fcber das <strong>Hausrecht<\/strong>, nicht gegen\u00fcber Mitarbeitern bestehen k\u00f6nnen.<\/p>\n<ol>\n<li><strong>c) Verweigerung der Entgeltfortzahlung<\/strong><\/li>\n<\/ol>\n<p>Infiziert sich der nicht geimpfte Arbeitnehmer nach der Ausschlagung des Impfangebotes, k\u00f6nnte man als Arbeitgeber die Ablehnung der Entgeltfortzahlung in Erw\u00e4gung ziehen. Die Verweigerung der Entgeltfortzahlung wird derzeit mehrheitlich abgelehnt, weil ein \u201e<em>Verschulden gegen sich selbst<\/em>\u201c nicht bestehe mit dem Argument, dass die Impfung letztlich keinen 100 % sicheren Schutz gew\u00e4hrleiste und gesetzlich nicht verpflichtend sei. Allerdings sieht \u00a7\u00a056 Abs.\u00a01 Satz\u00a03 IfSG vor, dass ein <strong>Entsch\u00e4digungsanspruch<\/strong> (beispielsweise bei <strong>Quarant\u00e4neanordnungen<\/strong>) nicht begr\u00fcndet sei, wenn das beh\u00f6rdliche T\u00e4tigkeitsverbot durch <em>\u201eInanspruchnahme einer Schutzimpfung\u201c<\/em> h\u00e4tte vermieden werden k\u00f6nnen. Diese gesetzliche Regelung kann aber auch als Ansatzpunkt f\u00fcr eine Wertung der Impfablehnung als ein Verschulden gegen sich selbst verwendet werden. Hier bleibt die Rechtsprechungsentwicklung abzuwarten.<\/p>\n<ol>\n<li><strong>d) Abmahnung und K\u00fcndigung?<\/strong><\/li>\n<\/ol>\n<p>Eine <strong>Abmahnung<\/strong> bzw. eine <strong>verhaltensbedingte K\u00fcndigung<\/strong> setzt eine Vertragspflichtverletzung voraus. Die Verweigerung einer Impfung ist in den seltensten F\u00e4llen eine Vertragspflicht (siehe unter a). Sollte man einen entsprechenden Ausnahmefall bejahen, m\u00fcsste der Arbeitgeber jedoch schon vor der Abmahnung eine entsprechende Vertragspflicht klarstellen und bei deren Bruch die Sanktionsm\u00f6glichkeit in Aussicht stellen. Erst nach einer entsprechenden (rechtm\u00e4\u00dfigen) Abmahnung w\u00e4re dann an eine verhaltensbedingte K\u00fcndigung zu denken.<\/p>\n<p>Die <strong>personenbedingte K\u00fcndigung<\/strong>, also die Unzumutbarkeit der Fortsetzung des Arbeitsverh\u00e4ltnisses aufgrund eines Eignungsmangels, k\u00f6nnte in besonderen Branchen, insbesondere der Kranken- und Altenpflege, jedoch durchaus in Betracht kommen. Voraussetzung w\u00e4re allerdings auch hier der Nachweis des konkreten Impfangebotes und das Aussch\u00f6pfen s\u00e4mtlicher anderer Besch\u00e4ftigungsm\u00f6glichkeiten ohne direkten Patientenkontakt. Es wird immer eine Frage des Einzelfalles sein, mitunter sogar, welcher Impfstoff welchem Arbeitnehmer angeboten worden ist.<\/p>\n<ol>\n<li><strong>e) Versprechen von Vorteilen?<\/strong><\/li>\n<\/ol>\n<p>Andere Ma\u00dfnahmen, wie das Versprechen von Vorteilen, Gutscheinen und Geldbetr\u00e4ge oder Naturalleistungen wie Urlaub, k\u00f6nnte gegen das Ma\u00dfregelungsverbot sprechen \u00a7\u00a0612a BGB. Denn in der Bevorzugung der geimpften Arbeitnehmer liegt grunds\u00e4tzlich die Benachteiligung der Impfverweigerer. Die Rechtsprechung ist vergleichsweise restriktiv beim Ausschluss einzelner Arbeitnehmer von bestimmten Vorteilen und daher d\u00fcrften diese Versprechen in der Umsetzung schwierig sein. Der Arbeitgeber muss damit rechnen, im Zweifel die gleiche Leistung an alle zu gew\u00e4hren. Damit w\u00e4re dann das Ziel freilich vollkommen verloren gegangen.<\/p>\n<p>Weniger problematisch d\u00fcrfen Anreize sein, die Impfung w\u00e4hrend der Arbeitszeit umzusetzen oder auch die erfolgte Impfung au\u00dferhalb der Arbeitszeit mit einem pauschalierten Umfang als bezahlte Arbeitszeit zu werten bzw. dem Arbeitszeitkonto gut zu schreiben.<\/p>\n<p>Im Ergebnis sind die Handlungsm\u00f6glichkeiten der Arbeitgeber auf der Basis der aktuellen Rechtsprechung also sehr eingeschr\u00e4nkt.[\/vc_column_text][\/vc_column][vc_column width=&#8221;1\/3&#8243;]<div class=\"grve-element grve-image grve-align-center\" style=\"margin-bottom: 30px;\"><img srcset=\"https:\/\/www.zenk.com\/wp-content\/uploads\/1901\/09\/zenk-dr-markus-kelber-sm_q_300h-80x80.jpg 80w, https:\/\/www.zenk.com\/wp-content\/uploads\/1901\/09\/zenk-dr-markus-kelber-sm_q_300h-150x150.jpg 150w, https:\/\/www.zenk.com\/wp-content\/uploads\/1901\/09\/zenk-dr-markus-kelber-sm_q_300h-300x200.jpg 300w, https:\/\/www.zenk.com\/wp-content\/uploads\/1901\/09\/zenk-dr-markus-kelber-sm_q_300h.jpg 450w\" sizes=\"(min-width: 300px) 450px, (min-width: 150px) 300px, (min-width: 80px) 150px, 80px\" width=\"450\" height=\"300\" class=\"attachment-full size-full\" alt=\"Dr. Markus Kelber | ZENK Rechtsanw\u00e4lte | Labour Law for Executives\"><\/div>[vc_column_text]<strong>Autor: <\/strong><a href=\"https:\/\/www.zenk.com\/koepfe\/markus-kelber\/\">Dr. Markus Kelber<\/a>[\/vc_column_text][\/vc_column][\/vc_row]<\/p>\n<\/div>","protected":false},"excerpt":{"rendered":"<p>Trotz aller Schwierigkeiten im Anlauf schreitet die Impfung in Deutschland voran und damit stellen sich zunehmend auch arbeitsrechtliche Fragen. Hat der Arbeitnehmer im Arbeitsverh\u00e4ltnis eine Pflicht, sich impfen zu lassen? Kann der Arbeitnehmer Nachteile oder Vorteile haben, wenn er sich impfen l\u00e4sst?<\/p>\n<p><strong>Autor: <\/strong> Dr. Markus Kelber<\/p>\n","protected":false},"author":3,"featured_media":12753,"comment_status":"closed","ping_status":"closed","sticky":false,"template":"","format":"standard","meta":{"footnotes":""},"categories":[400],"tags":[],"class_list":["post-22592","post","type-post","status-publish","format-standard","has-post-thumbnail","hentry","category-latest-news"],"yoast_head":"<!-- This site is optimized with the Yoast SEO plugin v27.5 - https:\/\/yoast.com\/product\/yoast-seo-wordpress\/ -->\n<title>ZENK Rechtsanw\u00e4lte Partnerschaft mbB - Arbeitsrechtliche Fragen zur Impfung<\/title>\n<meta name=\"description\" content=\"MIt der COVID-19-Imofung stellen sich auch arbeitsrechtliche Fragen. Hat der Arbeitnehmer im Arbeitsverh\u00e4ltnis eine Pflicht, sich impfen zu lassen?\" \/>\n<meta name=\"robots\" content=\"index, follow, max-snippet:-1, max-image-preview:large, max-video-preview:-1\" \/>\n<link rel=\"canonical\" href=\"https:\/\/www.zenk.com\/en\/arbeitsrechtliche-fragen-zur-covid-19-impfung\/\" \/>\n<meta property=\"og:locale\" content=\"en_US\" \/>\n<meta property=\"og:type\" content=\"article\" \/>\n<meta property=\"og:title\" content=\"ZENK Rechtsanw\u00e4lte Partnerschaft mbB - Arbeitsrechtliche Fragen zur Impfung\" \/>\n<meta property=\"og:description\" content=\"MIt der COVID-19-Imofung stellen sich auch arbeitsrechtliche Fragen. Hat der Arbeitnehmer im Arbeitsverh\u00e4ltnis eine Pflicht, sich impfen zu lassen?\" \/>\n<meta property=\"og:url\" content=\"https:\/\/www.zenk.com\/en\/arbeitsrechtliche-fragen-zur-covid-19-impfung\/\" \/>\n<meta property=\"og:site_name\" content=\"ZENK Rechtsanw\u00e4lte Partnerschaft mbB\" \/>\n<meta property=\"article:published_time\" content=\"2021-04-21T13:31:04+00:00\" \/>\n<meta property=\"article:modified_time\" content=\"2025-11-20T11:27:53+00:00\" \/>\n<meta property=\"og:image\" content=\"https:\/\/www.zenk.com\/wp-content\/uploads\/1901\/09\/zenk-dr-markus-kelber-sm_q_300h.jpg\" \/>\n\t<meta property=\"og:image:width\" content=\"450\" \/>\n\t<meta property=\"og:image:height\" content=\"300\" \/>\n\t<meta property=\"og:image:type\" content=\"image\/jpeg\" \/>\n<meta name=\"author\" content=\"frank\" \/>\n<meta name=\"twitter:card\" content=\"summary_large_image\" \/>\n<meta name=\"twitter:label1\" content=\"Written by\" \/>\n\t<meta name=\"twitter:data1\" content=\"frank\" \/>\n\t<meta name=\"twitter:label2\" content=\"Est. reading time\" \/>\n\t<meta name=\"twitter:data2\" content=\"6 minutes\" \/>\n<script type=\"application\/ld+json\" class=\"yoast-schema-graph\">{\"@context\":\"https:\\\/\\\/schema.org\",\"@graph\":[{\"@type\":\"Article\",\"@id\":\"https:\\\/\\\/www.zenk.com\\\/en\\\/arbeitsrechtliche-fragen-zur-covid-19-impfung\\\/#article\",\"isPartOf\":{\"@id\":\"https:\\\/\\\/www.zenk.com\\\/en\\\/arbeitsrechtliche-fragen-zur-covid-19-impfung\\\/\"},\"author\":{\"name\":\"frank\",\"@id\":\"https:\\\/\\\/www.zenk.com\\\/en\\\/#\\\/schema\\\/person\\\/eb8bbd69c884827d3d303a6a5ed241eb\"},\"headline\":\"Arbeitsrechtliche Fragen zur Impfung\",\"datePublished\":\"2021-04-21T13:31:04+00:00\",\"dateModified\":\"2025-11-20T11:27:53+00:00\",\"mainEntityOfPage\":{\"@id\":\"https:\\\/\\\/www.zenk.com\\\/en\\\/arbeitsrechtliche-fragen-zur-covid-19-impfung\\\/\"},\"wordCount\":1054,\"image\":{\"@id\":\"https:\\\/\\\/www.zenk.com\\\/en\\\/arbeitsrechtliche-fragen-zur-covid-19-impfung\\\/#primaryimage\"},\"thumbnailUrl\":\"https:\\\/\\\/www.zenk.com\\\/wp-content\\\/uploads\\\/1901\\\/09\\\/zenk-dr-markus-kelber-sm_q_300h.jpg\",\"articleSection\":[\"Latest News\"],\"inLanguage\":\"en-US\"},{\"@type\":\"WebPage\",\"@id\":\"https:\\\/\\\/www.zenk.com\\\/en\\\/arbeitsrechtliche-fragen-zur-covid-19-impfung\\\/\",\"url\":\"https:\\\/\\\/www.zenk.com\\\/en\\\/arbeitsrechtliche-fragen-zur-covid-19-impfung\\\/\",\"name\":\"ZENK Rechtsanw\u00e4lte Partnerschaft mbB - Arbeitsrechtliche Fragen zur Impfung\",\"isPartOf\":{\"@id\":\"https:\\\/\\\/www.zenk.com\\\/en\\\/#website\"},\"primaryImageOfPage\":{\"@id\":\"https:\\\/\\\/www.zenk.com\\\/en\\\/arbeitsrechtliche-fragen-zur-covid-19-impfung\\\/#primaryimage\"},\"image\":{\"@id\":\"https:\\\/\\\/www.zenk.com\\\/en\\\/arbeitsrechtliche-fragen-zur-covid-19-impfung\\\/#primaryimage\"},\"thumbnailUrl\":\"https:\\\/\\\/www.zenk.com\\\/wp-content\\\/uploads\\\/1901\\\/09\\\/zenk-dr-markus-kelber-sm_q_300h.jpg\",\"datePublished\":\"2021-04-21T13:31:04+00:00\",\"dateModified\":\"2025-11-20T11:27:53+00:00\",\"author\":{\"@id\":\"https:\\\/\\\/www.zenk.com\\\/en\\\/#\\\/schema\\\/person\\\/eb8bbd69c884827d3d303a6a5ed241eb\"},\"description\":\"MIt der COVID-19-Imofung stellen sich auch arbeitsrechtliche Fragen. Hat der Arbeitnehmer im Arbeitsverh\u00e4ltnis eine Pflicht, sich impfen zu lassen?\",\"breadcrumb\":{\"@id\":\"https:\\\/\\\/www.zenk.com\\\/en\\\/arbeitsrechtliche-fragen-zur-covid-19-impfung\\\/#breadcrumb\"},\"inLanguage\":\"en-US\",\"potentialAction\":[{\"@type\":\"ReadAction\",\"target\":[\"https:\\\/\\\/www.zenk.com\\\/en\\\/arbeitsrechtliche-fragen-zur-covid-19-impfung\\\/\"]}]},{\"@type\":\"ImageObject\",\"inLanguage\":\"en-US\",\"@id\":\"https:\\\/\\\/www.zenk.com\\\/en\\\/arbeitsrechtliche-fragen-zur-covid-19-impfung\\\/#primaryimage\",\"url\":\"https:\\\/\\\/www.zenk.com\\\/wp-content\\\/uploads\\\/1901\\\/09\\\/zenk-dr-markus-kelber-sm_q_300h.jpg\",\"contentUrl\":\"https:\\\/\\\/www.zenk.com\\\/wp-content\\\/uploads\\\/1901\\\/09\\\/zenk-dr-markus-kelber-sm_q_300h.jpg\",\"width\":450,\"height\":300,\"caption\":\"Dr. Markus Kelber | ZENK Rechtsanw\u00e4lte | Labour Law for Executives\"},{\"@type\":\"BreadcrumbList\",\"@id\":\"https:\\\/\\\/www.zenk.com\\\/en\\\/arbeitsrechtliche-fragen-zur-covid-19-impfung\\\/#breadcrumb\",\"itemListElement\":[{\"@type\":\"ListItem\",\"position\":1,\"name\":\"Startseite\",\"item\":\"https:\\\/\\\/www.zenk.com\\\/en\\\/\"},{\"@type\":\"ListItem\",\"position\":2,\"name\":\"Arbeitsrechtliche Fragen zur Impfung\"}]},{\"@type\":\"WebSite\",\"@id\":\"https:\\\/\\\/www.zenk.com\\\/en\\\/#website\",\"url\":\"https:\\\/\\\/www.zenk.com\\\/en\\\/\",\"name\":\"ZENK Rechtsanw\u00e4lte Partnerschaft mbB\",\"description\":\"Wirtschaftskanzlei in Hamburg und Berlin\",\"potentialAction\":[{\"@type\":\"SearchAction\",\"target\":{\"@type\":\"EntryPoint\",\"urlTemplate\":\"https:\\\/\\\/www.zenk.com\\\/en\\\/?s={search_term_string}\"},\"query-input\":{\"@type\":\"PropertyValueSpecification\",\"valueRequired\":true,\"valueName\":\"search_term_string\"}}],\"inLanguage\":\"en-US\"},{\"@type\":\"Person\",\"@id\":\"https:\\\/\\\/www.zenk.com\\\/en\\\/#\\\/schema\\\/person\\\/eb8bbd69c884827d3d303a6a5ed241eb\",\"name\":\"frank\",\"image\":{\"@type\":\"ImageObject\",\"inLanguage\":\"en-US\",\"@id\":\"https:\\\/\\\/secure.gravatar.com\\\/avatar\\\/57fd98a47314dc7bdaa76da6b369e479b1a1adfd0c9c63f7f2f728a7ae8d036e?s=96&d=mm&r=g\",\"url\":\"https:\\\/\\\/secure.gravatar.com\\\/avatar\\\/57fd98a47314dc7bdaa76da6b369e479b1a1adfd0c9c63f7f2f728a7ae8d036e?s=96&d=mm&r=g\",\"contentUrl\":\"https:\\\/\\\/secure.gravatar.com\\\/avatar\\\/57fd98a47314dc7bdaa76da6b369e479b1a1adfd0c9c63f7f2f728a7ae8d036e?s=96&d=mm&r=g\",\"caption\":\"frank\"},\"url\":\"https:\\\/\\\/www.zenk.com\\\/en\\\/author\\\/frank\\\/\"}]}<\/script>\n<!-- \/ Yoast SEO plugin. -->","yoast_head_json":{"title":"ZENK Rechtsanw\u00e4lte Partnerschaft mbB - Arbeitsrechtliche Fragen zur Impfung","description":"MIt der COVID-19-Imofung stellen sich auch arbeitsrechtliche Fragen. Hat der Arbeitnehmer im Arbeitsverh\u00e4ltnis eine Pflicht, sich impfen zu lassen?","robots":{"index":"index","follow":"follow","max-snippet":"max-snippet:-1","max-image-preview":"max-image-preview:large","max-video-preview":"max-video-preview:-1"},"canonical":"https:\/\/www.zenk.com\/en\/arbeitsrechtliche-fragen-zur-covid-19-impfung\/","og_locale":"en_US","og_type":"article","og_title":"ZENK Rechtsanw\u00e4lte Partnerschaft mbB - Arbeitsrechtliche Fragen zur Impfung","og_description":"MIt der COVID-19-Imofung stellen sich auch arbeitsrechtliche Fragen. Hat der Arbeitnehmer im Arbeitsverh\u00e4ltnis eine Pflicht, sich impfen zu lassen?","og_url":"https:\/\/www.zenk.com\/en\/arbeitsrechtliche-fragen-zur-covid-19-impfung\/","og_site_name":"ZENK Rechtsanw\u00e4lte Partnerschaft mbB","article_published_time":"2021-04-21T13:31:04+00:00","article_modified_time":"2025-11-20T11:27:53+00:00","og_image":[{"width":450,"height":300,"url":"https:\/\/www.zenk.com\/wp-content\/uploads\/1901\/09\/zenk-dr-markus-kelber-sm_q_300h.jpg","type":"image\/jpeg"}],"author":"frank","twitter_card":"summary_large_image","twitter_misc":{"Written by":"frank","Est. reading time":"6 minutes"},"schema":{"@context":"https:\/\/schema.org","@graph":[{"@type":"Article","@id":"https:\/\/www.zenk.com\/en\/arbeitsrechtliche-fragen-zur-covid-19-impfung\/#article","isPartOf":{"@id":"https:\/\/www.zenk.com\/en\/arbeitsrechtliche-fragen-zur-covid-19-impfung\/"},"author":{"name":"frank","@id":"https:\/\/www.zenk.com\/en\/#\/schema\/person\/eb8bbd69c884827d3d303a6a5ed241eb"},"headline":"Arbeitsrechtliche Fragen zur Impfung","datePublished":"2021-04-21T13:31:04+00:00","dateModified":"2025-11-20T11:27:53+00:00","mainEntityOfPage":{"@id":"https:\/\/www.zenk.com\/en\/arbeitsrechtliche-fragen-zur-covid-19-impfung\/"},"wordCount":1054,"image":{"@id":"https:\/\/www.zenk.com\/en\/arbeitsrechtliche-fragen-zur-covid-19-impfung\/#primaryimage"},"thumbnailUrl":"https:\/\/www.zenk.com\/wp-content\/uploads\/1901\/09\/zenk-dr-markus-kelber-sm_q_300h.jpg","articleSection":["Latest News"],"inLanguage":"en-US"},{"@type":"WebPage","@id":"https:\/\/www.zenk.com\/en\/arbeitsrechtliche-fragen-zur-covid-19-impfung\/","url":"https:\/\/www.zenk.com\/en\/arbeitsrechtliche-fragen-zur-covid-19-impfung\/","name":"ZENK Rechtsanw\u00e4lte Partnerschaft mbB - Arbeitsrechtliche Fragen zur Impfung","isPartOf":{"@id":"https:\/\/www.zenk.com\/en\/#website"},"primaryImageOfPage":{"@id":"https:\/\/www.zenk.com\/en\/arbeitsrechtliche-fragen-zur-covid-19-impfung\/#primaryimage"},"image":{"@id":"https:\/\/www.zenk.com\/en\/arbeitsrechtliche-fragen-zur-covid-19-impfung\/#primaryimage"},"thumbnailUrl":"https:\/\/www.zenk.com\/wp-content\/uploads\/1901\/09\/zenk-dr-markus-kelber-sm_q_300h.jpg","datePublished":"2021-04-21T13:31:04+00:00","dateModified":"2025-11-20T11:27:53+00:00","author":{"@id":"https:\/\/www.zenk.com\/en\/#\/schema\/person\/eb8bbd69c884827d3d303a6a5ed241eb"},"description":"MIt der COVID-19-Imofung stellen sich auch arbeitsrechtliche Fragen. Hat der Arbeitnehmer im Arbeitsverh\u00e4ltnis eine Pflicht, sich impfen zu lassen?","breadcrumb":{"@id":"https:\/\/www.zenk.com\/en\/arbeitsrechtliche-fragen-zur-covid-19-impfung\/#breadcrumb"},"inLanguage":"en-US","potentialAction":[{"@type":"ReadAction","target":["https:\/\/www.zenk.com\/en\/arbeitsrechtliche-fragen-zur-covid-19-impfung\/"]}]},{"@type":"ImageObject","inLanguage":"en-US","@id":"https:\/\/www.zenk.com\/en\/arbeitsrechtliche-fragen-zur-covid-19-impfung\/#primaryimage","url":"https:\/\/www.zenk.com\/wp-content\/uploads\/1901\/09\/zenk-dr-markus-kelber-sm_q_300h.jpg","contentUrl":"https:\/\/www.zenk.com\/wp-content\/uploads\/1901\/09\/zenk-dr-markus-kelber-sm_q_300h.jpg","width":450,"height":300,"caption":"Dr. Markus Kelber | ZENK Rechtsanw\u00e4lte | Labour Law for Executives"},{"@type":"BreadcrumbList","@id":"https:\/\/www.zenk.com\/en\/arbeitsrechtliche-fragen-zur-covid-19-impfung\/#breadcrumb","itemListElement":[{"@type":"ListItem","position":1,"name":"Startseite","item":"https:\/\/www.zenk.com\/en\/"},{"@type":"ListItem","position":2,"name":"Arbeitsrechtliche Fragen zur Impfung"}]},{"@type":"WebSite","@id":"https:\/\/www.zenk.com\/en\/#website","url":"https:\/\/www.zenk.com\/en\/","name":"ZENK Rechtsanw\u00e4lte Partnerschaft mbB","description":"Wirtschaftskanzlei in Hamburg und Berlin","potentialAction":[{"@type":"SearchAction","target":{"@type":"EntryPoint","urlTemplate":"https:\/\/www.zenk.com\/en\/?s={search_term_string}"},"query-input":{"@type":"PropertyValueSpecification","valueRequired":true,"valueName":"search_term_string"}}],"inLanguage":"en-US"},{"@type":"Person","@id":"https:\/\/www.zenk.com\/en\/#\/schema\/person\/eb8bbd69c884827d3d303a6a5ed241eb","name":"frank","image":{"@type":"ImageObject","inLanguage":"en-US","@id":"https:\/\/secure.gravatar.com\/avatar\/57fd98a47314dc7bdaa76da6b369e479b1a1adfd0c9c63f7f2f728a7ae8d036e?s=96&d=mm&r=g","url":"https:\/\/secure.gravatar.com\/avatar\/57fd98a47314dc7bdaa76da6b369e479b1a1adfd0c9c63f7f2f728a7ae8d036e?s=96&d=mm&r=g","contentUrl":"https:\/\/secure.gravatar.com\/avatar\/57fd98a47314dc7bdaa76da6b369e479b1a1adfd0c9c63f7f2f728a7ae8d036e?s=96&d=mm&r=g","caption":"frank"},"url":"https:\/\/www.zenk.com\/en\/author\/frank\/"}]}},"_links":{"self":[{"href":"https:\/\/www.zenk.com\/en\/wp-json\/wp\/v2\/posts\/22592","targetHints":{"allow":["GET"]}}],"collection":[{"href":"https:\/\/www.zenk.com\/en\/wp-json\/wp\/v2\/posts"}],"about":[{"href":"https:\/\/www.zenk.com\/en\/wp-json\/wp\/v2\/types\/post"}],"author":[{"embeddable":true,"href":"https:\/\/www.zenk.com\/en\/wp-json\/wp\/v2\/users\/3"}],"replies":[{"embeddable":true,"href":"https:\/\/www.zenk.com\/en\/wp-json\/wp\/v2\/comments?post=22592"}],"version-history":[{"count":1,"href":"https:\/\/www.zenk.com\/en\/wp-json\/wp\/v2\/posts\/22592\/revisions"}],"predecessor-version":[{"id":22593,"href":"https:\/\/www.zenk.com\/en\/wp-json\/wp\/v2\/posts\/22592\/revisions\/22593"}],"wp:featuredmedia":[{"embeddable":true,"href":"https:\/\/www.zenk.com\/en\/wp-json\/wp\/v2\/media\/12753"}],"wp:attachment":[{"href":"https:\/\/www.zenk.com\/en\/wp-json\/wp\/v2\/media?parent=22592"}],"wp:term":[{"taxonomy":"category","embeddable":true,"href":"https:\/\/www.zenk.com\/en\/wp-json\/wp\/v2\/categories?post=22592"},{"taxonomy":"post_tag","embeddable":true,"href":"https:\/\/www.zenk.com\/en\/wp-json\/wp\/v2\/tags?post=22592"}],"curies":[{"name":"wp","href":"https:\/\/api.w.org\/{rel}","templated":true}]}}